{"id":43,"count":7,"description":"<span style=\"font-size: 18pt; color: #ffffff;\"><strong><span style=\"vertical-align: inherit;\"><span style=\"vertical-align: inherit;\"><span style=\"vertical-align: inherit;\"><span style=\"vertical-align: inherit;\"><span style=\"vertical-align: inherit;\"><span style=\"vertical-align: inherit;\">K\u00ednai kerekes rakod\u00f3g\u00e9p-gy\u00e1r<\/span><\/span><\/span><\/span><\/span><\/span><\/strong><\/span>\r\n\r\nA Rippa \u00e9p\u00edt\u0151ipari \u00e9s mez\u0151gazdas\u00e1gi felhaszn\u00e1l\u00e1sra sz\u00e1nt k\u00ednai kerekes rakod\u00f3g\u00e9peket gy\u00e1rt. K\u00edn\u00e1latunkban sz\u00e9les v\u00e1laszt\u00e9kban tal\u00e1lhat\u00f3k rakod\u00f3g\u00e9pek, k\u00f6zt\u00fck kotr\u00f3-rakod\u00f3g\u00e9pek, kerekes rakod\u00f3g\u00e9pek \u00e9s kompakt rakod\u00f3g\u00e9pek. A f\u00e1radts\u00e1gi tesztel\u00e9sen \u00e1tesett modellek megfelelnek a CE, az EPA \u00e9s az Euro V kibocs\u00e1t\u00e1si szabv\u00e1nyoknak. A kerekes rakod\u00f3g\u00e9pek s\u00falytartom\u00e1nya 1,7 t\u201316 t.","link":"https:\/\/rippa.com\/hu\/products\/wheel-loader\/","name":"Ker\u00e9krakod\u00f3","slug":"kerekes-rakodo","taxonomy":"categoryproduct","parent":0,"meta":[],"acf":[],"_links":{"self":[{"href":"https:\/\/rippa.com\/hu\/wp-json\/wp\/v2\/categoryproduct\/43","targetHints":{"allow":["GET"]}}],"collection":[{"href":"https:\/\/rippa.com\/hu\/wp-json\/wp\/v2\/categoryproduct"}],"about":[{"href":"https:\/\/rippa.com\/hu\/wp-json\/wp\/v2\/taxonomies\/categoryproduct"}],"wp:post_type":[{"href":"https:\/\/rippa.com\/hu\/wp-json\/wp\/v2\/product?categoryproduct=43"}],"curies":[{"name":"wp","href":"https:\/\/api.w.org\/{rel}","templated":true}]}}